{"id":74000,"date":"2025-04-03T10:40:29","date_gmt":"2025-04-03T08:40:29","guid":{"rendered":"https:\/\/www.operalombardia.it\/?p=74000"},"modified":"2025-05-14T09:11:00","modified_gmt":"2025-05-14T07:11:00","slug":"selection-of-a-directing-project-for-the-coproduction-of-turandot-by-g-puccini","status":"publish","type":"post","link":"https:\/\/www.operalombardia.it\/en\/selection-of-a-directing-project-for-the-coproduction-of-turandot-by-g-puccini\/","title":{"rendered":"Selection of a directing project for the coproduction of Turandot by G. Puccini"},"content":{"rendered":"\t\t<div data-elementor-type=\"wp-post\" data-elementor-id=\"74000\" class=\"elementor elementor-74000 elementor-73998\" data-elementor-post-type=\"post\">\n\t\t\t\t<div class=\"elementor-element elementor-element-15662ab5 e-flex e-con-boxed e-con e-parent\" data-id=\"15662ab5\" data-element_type=\"container\">\n\t\t\t\t\t<div class=\"e-con-inner\">\n\t\t\t\t<div class=\"elementor-element elementor-element-68b6d879 elementor-widget elementor-widget-text-editor\" data-id=\"68b6d879\" data-element_type=\"widget\" data-widget_type=\"text-editor.default\">\n\t\t\t\t<div class=\"elementor-widget-container\">\n\t\t\t\t\t\t\t\t\t<div class=\"page\" title=\"Page 2\"><div class=\"layoutArea\"><div class=\"column\"><h4><strong>Bando per la selezione di un progetto di regia <\/strong><strong>\u00a0<\/strong><strong>per la coproduzione di <em>Turandot <\/em>di G. Puccini \u2013 III Edizione, i<\/strong><strong>n occasione del centenario della prima rappresentazione dell\u2019opera.<\/strong><\/h4><div><strong>\u00a0<\/strong><\/div><p><em>Promosso da <\/em><strong>OperaLombardia (<\/strong><strong>Teatro Grande di Brescia, Teatro Sociale di Como, Teatro Ponchielli di Cremona, Teatro Fraschini di Pavia)<br \/><\/strong><em>nell\u2019ambito delle <\/em><strong>Stagioni d\u2019opera 2026 e 2027<br \/><\/strong><em>in coproduzione con <\/em><strong>Teatro del Giglio Giacomo Puccini di Lucca, <\/strong><strong>Fondazione Teatro Carlo Coccia di Novara<\/strong><\/p><p><strong><br \/><\/strong><em>in collaborazione con <\/em><strong>Opera Europa<br \/><\/strong><em>con il patrocinio della <\/em><strong>Fondazione Giacomo Puccini di Lucca<\/strong><\/p><p><strong>\u00a0<\/strong><\/p><p>Il Circuito di<strong> OperaLombardia <\/strong>pubblica un<strong> bando per la selezione di un progetto di regia<\/strong>, per<strong> <em>Turandot<\/em> di Giacomo Puccini.<\/strong><\/p><p>Il progetto assume una<strong> rilevanza nazionale <\/strong>grazie al sodalizio con il <strong>Teatro del Giglio Giacomo Puccini di Lucca<\/strong>, citt\u00e0 natale del compositore, e con la <strong>Fondazione Teatro Carlo Coccia di Novara<\/strong>, ed<strong> internazionale, <\/strong>in virt\u00f9 della<strong> collaborazione con Opera Europa, grazie anche al sostegno del Ministero della Cultura, Regione Lombardia e Fondazione Cariplo.<\/strong><\/p><p>Il bando conferma l\u2019indole di <em>talent scouting<\/em> nelle corde di molte attivit\u00e0 del circuito, una missione e una tensione praticate da tutti i teatri coinvolti, al fine di dare la possibilit\u00e0 a giovani artisti e artiste di rivelare professionalit\u00e0 e creativit\u00e0, abbinate ai concetti di accessibilit\u00e0 e sostenibilit\u00e0, per mettere in scena uno dei titoli del repertorio lirico pi\u00f9 amati.<\/p><p>L\u2019opera debutter\u00e0 il <strong>25 aprile 2026 presso il Teatro del Giglio<\/strong> Giacomo Puccini di Lucca; sar\u00e0 riallestita nell\u2019<strong>autunno 2026<\/strong> nei Teatri di OperaLombardia e presso la Fondazione Teatro Carlo Coccia di Novara.<\/p><p>Il bando \u00e8 rivolto ad un team creativo <em>under<\/em>35, composto da artisti e artiste maggiorenni di <strong>cittadinanza dell&#8217;Unione Europea<\/strong> nati <strong><u>a partire dal 20 maggio 1990 compreso<\/u><\/strong>.<\/p><p>Il team creativo dovr\u00e0 presentare il progetto di regia, scene, costumi, luci e eventuale coreografia.<br \/>La partecipazione al bando \u00e8 a nome del regista, che sar\u00e0 responsabile e referente dell\u2019intero team creativo (max 5 componenti).<br \/>I progetti pervenuti verranno selezionati da una giuria internazionale nominata dai teatri coproduttori che sar\u00e0 resa nota sul sito <a href=\"http:\/\/www.operalombardia.it\">www.operalombardia.it<\/a> .<\/p><p>Il termine per le iscrizioni \u00e8 il <strong>20 maggio 2025<\/strong>.<\/p><p>Durante una prima fase di valutazione, la giuria selezioner\u00e0 i tre progetti finalisti che verranno resi noti l\u2019<strong>11 giugno 2025<\/strong>. I tre team creativi finalisti saranno convocati per la presentazione del progetto alla giuria e per una prova pratica di lavoro con alcuni cantanti selezionati dai teatri coproduttori che avranno luogo il <strong>24 giugno 2025 <\/strong>presso il Teatro Sociale di Como. In sede di valutazione dei progetti finalisti potranno essere presentati ulteriori materiali extra non richiesti nella domanda di partecipazione (ad esempio il modellino del progetto).<\/p><h4 style=\"text-align: center;\">\u00a0<\/h4><\/div><\/div><\/div>\t\t\t\t\t\t\t\t<\/div>\n\t\t\t\t<\/div>\n\t\t<div class=\"elementor-element elementor-element-adb812e e-con-full e-flex e-con e-child\" data-id=\"adb812e\" data-element_type=\"container\">\n\t\t\t\t<div class=\"elementor-element elementor-element-6204879 elementor-widget-divider--view-line elementor-widget elementor-widget-divider\" data-id=\"6204879\" data-element_type=\"widget\" data-widget_type=\"divider.default\">\n\t\t\t\t<div class=\"elementor-widget-container\">\n\t\t\t\t\t\t\t<div class=\"elementor-divider\">\n\t\t\t<span class=\"elementor-divider-separator\">\n\t\t\t\t\t\t<\/span>\n\t\t<\/div>\n\t\t\t\t\t\t<\/div>\n\t\t\t\t<\/div>\n\t\t<div class=\"elementor-element elementor-element-d0ab44e e-con-full e-flex e-con e-child\" data-id=\"d0ab44e\" data-element_type=\"container\">\n\t\t\t\t<div class=\"elementor-element elementor-element-49383df elementor-widget elementor-widget-text-editor\" data-id=\"49383df\" data-element_type=\"widget\" data-widget_type=\"text-editor.default\">\n\t\t\t\t<div class=\"elementor-widget-container\">\n\t\t\t\t\t\t\t\t\t<h4 style=\"text-align: center;\"><strong><a href=\"https:\/\/www.operalombardia.it\/wp-content\/uploads\/2025\/04\/Bando-Concorso-per-un-progetto-di-regia-Turandot.pdf\">SCARICA IL BANDO <span style=\"color: #3366ff;\">COMPLETO<\/span><\/a><\/strong><\/h4><h4 style=\"text-align: center;\"><strong><span style=\"color: #3366ff;\"><a style=\"color: #3366ff;\" href=\"https:\/\/drive.google.com\/drive\/folders\/1Qs1mEGrXryXoogihh-vk-u6FVy3GQHqs?usp=sharing\" target=\"_blank\" rel=\"noopener\">Visualizza le piante dei Teatri<br \/><\/a><a style=\"color: #3366ff;\" href=\"https:\/\/www.operalombardia.it\/wp-content\/uploads\/2025\/04\/MATERIALE-LUCI-LUCCA-E-COMO.pdf\" target=\"_blank\" rel=\"noopener\">Visualizza dotazione luci di base del Teatro del Giglio di Lucca e Teatro Sociale di Como<\/a><\/span><\/strong><\/h4><h4 style=\"text-align: center;\"><strong><span style=\"color: #3366ff;\"><a style=\"color: #3366ff;\" href=\"https:\/\/www.operalombardia.it\/wp-content\/uploads\/2025\/04\/Modulo-dati-anagrafici-iscrizione_.pdf\" target=\"_blank\" rel=\"noopener\">Modulo dati personali<\/a><\/span><\/strong><br \/><strong><span style=\"color: #3366ff;\"><a style=\"color: #3366ff;\" href=\"https:\/\/www.operalombardia.it\/wp-content\/uploads\/2023\/07\/Informativa-sulla-Privacy.pdf\" target=\"_blank\" rel=\"noopener\">Informativa sulla Privacy<\/a><\/span><\/strong><\/h4>\t\t\t\t\t\t\t\t<\/div>\n\t\t\t\t<\/div>\n\t\t\t\t<\/div>\n\t\t\t\t<\/div>\n\t\t\t\t\t<\/div>\n\t\t\t\t<\/div>\n\t\t\t\t<\/div>\n\t\t","protected":false},"excerpt":{"rendered":"<p>OperaLombardia, a co-production network promoted by Teatro Grande di Brescia, Teatro Sociale di Como, Teatro Ponchielli di Cremona, and Teatro Fraschini di Pavia, with the support of Ministero della Cultura, Regione Lombardia, and Fondazione Cariplo, announces a selection of a directing project for Turandot by Giacomo Puccini, in celebration of the centenary of the opera\u2019s first performance. The selection is in collaboration with Opera Europa and in co-production with Teatro del Giglio Giacomo Puccini di Lucca, the composer\u2019s birthplace, and Fondazione Teatro Carlo Coccia di Novara. The call is aimed at a creative team under 35. The deadline for registrations is May 20, 2025.<\/p>\n","protected":false},"author":2,"featured_media":74574,"comment_status":"closed","ping_status":"closed","sticky":true,"template":"","format":"standard","meta":{"footnotes":""},"categories":[15066,15100,15101,15086,15080,15106],"tags":[15087],"class_list":["post-74000","post","type-post","status-publish","format-standard","has-post-thumbnail","hentry","category-announcements","category-2025-announcements","category-2025-bandi-en","category-15086","category-15080","category-2024-bandi","tag-bando"],"yoast_head":"<!-- This site is optimized with the Yoast SEO plugin v26.2 - https:\/\/yoast.com\/wordpress\/plugins\/seo\/ -->\n<title>Selection of a directing project for the coproduction of Turandot by G. Puccini - OperaLombardia<\/title>\n<meta name=\"robots\" content=\"index, follow, max-snippet:-1, max-image-preview:large, max-video-preview:-1\" \/>\n<link rel=\"canonical\" href=\"https:\/\/www.operalombardia.it\/en\/selection-of-a-directing-project-for-the-coproduction-of-turandot-by-g-puccini\/\" \/>\n<meta property=\"og:locale\" content=\"en_US\" \/>\n<meta property=\"og:type\" content=\"article\" \/>\n<meta property=\"og:title\" content=\"Selection of a directing project for the coproduction of Turandot by G. Puccini - OperaLombardia\" \/>\n<meta property=\"og:description\" content=\"OperaLombardia, a co-production network promoted by Teatro Grande di Brescia, Teatro Sociale di Como, Teatro Ponchielli di Cremona, and Teatro Fraschini di Pavia, with the support of Ministero della Cultura, Regione Lombardia, and Fondazione Cariplo, announces a selection of a directing project for Turandot by Giacomo Puccini, in celebration of the centenary of the opera\u2019s first performance. The selection is in collaboration with Opera Europa and in co-production with Teatro del Giglio Giacomo Puccini di Lucca, the composer\u2019s birthplace, and Fondazione Teatro Carlo Coccia di Novara. The call is aimed at a creative team under 35. The deadline for registrations is May 20, 2025.\" \/>\n<meta property=\"og:url\" content=\"https:\/\/www.operalombardia.it\/en\/selection-of-a-directing-project-for-the-coproduction-of-turandot-by-g-puccini\/\" \/>\n<meta property=\"og:site_name\" content=\"OperaLombardia\" \/>\n<meta property=\"article:publisher\" content=\"https:\/\/www.facebook.com\/operalombardia\" \/>\n<meta property=\"article:published_time\" content=\"2025-04-03T08:40:29+00:00\" \/>\n<meta property=\"article:modified_time\" content=\"2025-05-14T07:11:00+00:00\" \/>\n<meta property=\"og:image\" content=\"https:\/\/www.operalombardia.it\/wp-content\/uploads\/2025\/04\/team-vincitore-II-conocorso-opera-oggi.jpg\" \/>\n\t<meta property=\"og:image:width\" content=\"1920\" \/>\n\t<meta property=\"og:image:height\" content=\"1080\" \/>\n\t<meta property=\"og:image:type\" content=\"image\/jpeg\" \/>\n<meta name=\"author\" content=\"Aslico\" \/>\n<meta name=\"twitter:card\" content=\"summary_large_image\" \/>\n<meta name=\"twitter:label1\" content=\"Written by\" \/>\n\t<meta name=\"twitter:data1\" content=\"Aslico\" \/>\n\t<meta name=\"twitter:label2\" content=\"Est. reading time\" \/>\n\t<meta name=\"twitter:data2\" content=\"3 minutes\" \/>\n<script type=\"application\/ld+json\" class=\"yoast-schema-graph\">{\"@context\":\"https:\/\/schema.org\",\"@graph\":[{\"@type\":\"Article\",\"@id\":\"https:\/\/www.operalombardia.it\/en\/selection-of-a-directing-project-for-the-coproduction-of-turandot-by-g-puccini\/#article\",\"isPartOf\":{\"@id\":\"https:\/\/www.operalombardia.it\/en\/selection-of-a-directing-project-for-the-coproduction-of-turandot-by-g-puccini\/\"},\"author\":{\"name\":\"Aslico\",\"@id\":\"https:\/\/www.operalombardia.it\/en\/#\/schema\/person\/3be3bac41eaeaaae9419110c1d29e768\"},\"headline\":\"Selection of a directing project for the coproduction of Turandot by G. Puccini\",\"datePublished\":\"2025-04-03T08:40:29+00:00\",\"dateModified\":\"2025-05-14T07:11:00+00:00\",\"mainEntityOfPage\":{\"@id\":\"https:\/\/www.operalombardia.it\/en\/selection-of-a-directing-project-for-the-coproduction-of-turandot-by-g-puccini\/\"},\"wordCount\":486,\"publisher\":{\"@id\":\"https:\/\/www.operalombardia.it\/en\/#organization\"},\"image\":{\"@id\":\"https:\/\/www.operalombardia.it\/en\/selection-of-a-directing-project-for-the-coproduction-of-turandot-by-g-puccini\/#primaryimage\"},\"thumbnailUrl\":\"https:\/\/www.operalombardia.it\/wp-content\/uploads\/2025\/04\/team-vincitore-II-conocorso-opera-oggi.jpg\",\"keywords\":[\"bando\"],\"articleSection\":[\"Announcements\",\"2025\",\"2025\",\"2025\",\"2024\",\"2024\"],\"inLanguage\":\"en-US\"},{\"@type\":\"WebPage\",\"@id\":\"https:\/\/www.operalombardia.it\/en\/selection-of-a-directing-project-for-the-coproduction-of-turandot-by-g-puccini\/\",\"url\":\"https:\/\/www.operalombardia.it\/en\/selection-of-a-directing-project-for-the-coproduction-of-turandot-by-g-puccini\/\",\"name\":\"Selection of a directing project for the coproduction of Turandot by G. Puccini - OperaLombardia\",\"isPartOf\":{\"@id\":\"https:\/\/www.operalombardia.it\/en\/#website\"},\"primaryImageOfPage\":{\"@id\":\"https:\/\/www.operalombardia.it\/en\/selection-of-a-directing-project-for-the-coproduction-of-turandot-by-g-puccini\/#primaryimage\"},\"image\":{\"@id\":\"https:\/\/www.operalombardia.it\/en\/selection-of-a-directing-project-for-the-coproduction-of-turandot-by-g-puccini\/#primaryimage\"},\"thumbnailUrl\":\"https:\/\/www.operalombardia.it\/wp-content\/uploads\/2025\/04\/team-vincitore-II-conocorso-opera-oggi.jpg\",\"datePublished\":\"2025-04-03T08:40:29+00:00\",\"dateModified\":\"2025-05-14T07:11:00+00:00\",\"breadcrumb\":{\"@id\":\"https:\/\/www.operalombardia.it\/en\/selection-of-a-directing-project-for-the-coproduction-of-turandot-by-g-puccini\/#breadcrumb\"},\"inLanguage\":\"en-US\",\"potentialAction\":[{\"@type\":\"ReadAction\",\"target\":[\"https:\/\/www.operalombardia.it\/en\/selection-of-a-directing-project-for-the-coproduction-of-turandot-by-g-puccini\/\"]}]},{\"@type\":\"ImageObject\",\"inLanguage\":\"en-US\",\"@id\":\"https:\/\/www.operalombardia.it\/en\/selection-of-a-directing-project-for-the-coproduction-of-turandot-by-g-puccini\/#primaryimage\",\"url\":\"https:\/\/www.operalombardia.it\/wp-content\/uploads\/2025\/04\/team-vincitore-II-conocorso-opera-oggi.jpg\",\"contentUrl\":\"https:\/\/www.operalombardia.it\/wp-content\/uploads\/2025\/04\/team-vincitore-II-conocorso-opera-oggi.jpg\",\"width\":1920,\"height\":1080},{\"@type\":\"BreadcrumbList\",\"@id\":\"https:\/\/www.operalombardia.it\/en\/selection-of-a-directing-project-for-the-coproduction-of-turandot-by-g-puccini\/#breadcrumb\",\"itemListElement\":[{\"@type\":\"ListItem\",\"position\":1,\"name\":\"Home\",\"item\":\"https:\/\/www.operalombardia.it\/en\/\"},{\"@type\":\"ListItem\",\"position\":2,\"name\":\"Selection of a directing project for the coproduction of Turandot by G. Puccini\"}]},{\"@type\":\"WebSite\",\"@id\":\"https:\/\/www.operalombardia.it\/en\/#website\",\"url\":\"https:\/\/www.operalombardia.it\/en\/\",\"name\":\"OperaLombardia\",\"description\":\"\",\"publisher\":{\"@id\":\"https:\/\/www.operalombardia.it\/en\/#organization\"},\"potentialAction\":[{\"@type\":\"SearchAction\",\"target\":{\"@type\":\"EntryPoint\",\"urlTemplate\":\"https:\/\/www.operalombardia.it\/en\/?s={search_term_string}\"},\"query-input\":{\"@type\":\"PropertyValueSpecification\",\"valueRequired\":true,\"valueName\":\"search_term_string\"}}],\"inLanguage\":\"en-US\"},{\"@type\":\"Organization\",\"@id\":\"https:\/\/www.operalombardia.it\/en\/#organization\",\"name\":\"OperaLombardia\",\"url\":\"https:\/\/www.operalombardia.it\/en\/\",\"logo\":{\"@type\":\"ImageObject\",\"inLanguage\":\"en-US\",\"@id\":\"https:\/\/www.operalombardia.it\/en\/#\/schema\/logo\/image\/\",\"url\":\"https:\/\/www.operalombardia.it\/wp-content\/uploads\/2015\/04\/logo_OPERA_LOMBARDIA.png\",\"contentUrl\":\"https:\/\/www.operalombardia.it\/wp-content\/uploads\/2015\/04\/logo_OPERA_LOMBARDIA.png\",\"width\":300,\"height\":199,\"caption\":\"OperaLombardia\"},\"image\":{\"@id\":\"https:\/\/www.operalombardia.it\/en\/#\/schema\/logo\/image\/\"},\"sameAs\":[\"https:\/\/www.facebook.com\/operalombardia\",\"https:\/\/www.instagram.com\/operalombardia\/\"]},{\"@type\":\"Person\",\"@id\":\"https:\/\/www.operalombardia.it\/en\/#\/schema\/person\/3be3bac41eaeaaae9419110c1d29e768\",\"name\":\"Aslico\",\"image\":{\"@type\":\"ImageObject\",\"inLanguage\":\"en-US\",\"@id\":\"https:\/\/www.operalombardia.it\/en\/#\/schema\/person\/image\/\",\"url\":\"https:\/\/secure.gravatar.com\/avatar\/6e1b698c2480c506cd982dc8bfa663254d22ac7e8cde9a1ff3227db58a73105c?s=96&d=mm&r=g\",\"contentUrl\":\"https:\/\/secure.gravatar.com\/avatar\/6e1b698c2480c506cd982dc8bfa663254d22ac7e8cde9a1ff3227db58a73105c?s=96&d=mm&r=g\",\"caption\":\"Aslico\"},\"url\":\"https:\/\/www.operalombardia.it\/en\/author\/aslico\/\"}]}<\/script>\n<!-- \/ Yoast SEO plugin. -->","yoast_head_json":{"title":"Selection of a directing project for the coproduction of Turandot by G. Puccini - OperaLombardia","robots":{"index":"index","follow":"follow","max-snippet":"max-snippet:-1","max-image-preview":"max-image-preview:large","max-video-preview":"max-video-preview:-1"},"canonical":"https:\/\/www.operalombardia.it\/en\/selection-of-a-directing-project-for-the-coproduction-of-turandot-by-g-puccini\/","og_locale":"en_US","og_type":"article","og_title":"Selection of a directing project for the coproduction of Turandot by G. Puccini - OperaLombardia","og_description":"OperaLombardia, a co-production network promoted by Teatro Grande di Brescia, Teatro Sociale di Como, Teatro Ponchielli di Cremona, and Teatro Fraschini di Pavia, with the support of Ministero della Cultura, Regione Lombardia, and Fondazione Cariplo, announces a selection of a directing project for Turandot by Giacomo Puccini, in celebration of the centenary of the opera\u2019s first performance. The selection is in collaboration with Opera Europa and in co-production with Teatro del Giglio Giacomo Puccini di Lucca, the composer\u2019s birthplace, and Fondazione Teatro Carlo Coccia di Novara. The call is aimed at a creative team under 35. The deadline for registrations is May 20, 2025.","og_url":"https:\/\/www.operalombardia.it\/en\/selection-of-a-directing-project-for-the-coproduction-of-turandot-by-g-puccini\/","og_site_name":"OperaLombardia","article_publisher":"https:\/\/www.facebook.com\/operalombardia","article_published_time":"2025-04-03T08:40:29+00:00","article_modified_time":"2025-05-14T07:11:00+00:00","og_image":[{"width":1920,"height":1080,"url":"https:\/\/www.operalombardia.it\/wp-content\/uploads\/2025\/04\/team-vincitore-II-conocorso-opera-oggi.jpg","type":"image\/jpeg"}],"author":"Aslico","twitter_card":"summary_large_image","twitter_misc":{"Written by":"Aslico","Est. reading time":"3 minutes"},"schema":{"@context":"https:\/\/schema.org","@graph":[{"@type":"Article","@id":"https:\/\/www.operalombardia.it\/en\/selection-of-a-directing-project-for-the-coproduction-of-turandot-by-g-puccini\/#article","isPartOf":{"@id":"https:\/\/www.operalombardia.it\/en\/selection-of-a-directing-project-for-the-coproduction-of-turandot-by-g-puccini\/"},"author":{"name":"Aslico","@id":"https:\/\/www.operalombardia.it\/en\/#\/schema\/person\/3be3bac41eaeaaae9419110c1d29e768"},"headline":"Selection of a directing project for the coproduction of Turandot by G. Puccini","datePublished":"2025-04-03T08:40:29+00:00","dateModified":"2025-05-14T07:11:00+00:00","mainEntityOfPage":{"@id":"https:\/\/www.operalombardia.it\/en\/selection-of-a-directing-project-for-the-coproduction-of-turandot-by-g-puccini\/"},"wordCount":486,"publisher":{"@id":"https:\/\/www.operalombardia.it\/en\/#organization"},"image":{"@id":"https:\/\/www.operalombardia.it\/en\/selection-of-a-directing-project-for-the-coproduction-of-turandot-by-g-puccini\/#primaryimage"},"thumbnailUrl":"https:\/\/www.operalombardia.it\/wp-content\/uploads\/2025\/04\/team-vincitore-II-conocorso-opera-oggi.jpg","keywords":["bando"],"articleSection":["Announcements","2025","2025","2025","2024","2024"],"inLanguage":"en-US"},{"@type":"WebPage","@id":"https:\/\/www.operalombardia.it\/en\/selection-of-a-directing-project-for-the-coproduction-of-turandot-by-g-puccini\/","url":"https:\/\/www.operalombardia.it\/en\/selection-of-a-directing-project-for-the-coproduction-of-turandot-by-g-puccini\/","name":"Selection of a directing project for the coproduction of Turandot by G. Puccini - OperaLombardia","isPartOf":{"@id":"https:\/\/www.operalombardia.it\/en\/#website"},"primaryImageOfPage":{"@id":"https:\/\/www.operalombardia.it\/en\/selection-of-a-directing-project-for-the-coproduction-of-turandot-by-g-puccini\/#primaryimage"},"image":{"@id":"https:\/\/www.operalombardia.it\/en\/selection-of-a-directing-project-for-the-coproduction-of-turandot-by-g-puccini\/#primaryimage"},"thumbnailUrl":"https:\/\/www.operalombardia.it\/wp-content\/uploads\/2025\/04\/team-vincitore-II-conocorso-opera-oggi.jpg","datePublished":"2025-04-03T08:40:29+00:00","dateModified":"2025-05-14T07:11:00+00:00","breadcrumb":{"@id":"https:\/\/www.operalombardia.it\/en\/selection-of-a-directing-project-for-the-coproduction-of-turandot-by-g-puccini\/#breadcrumb"},"inLanguage":"en-US","potentialAction":[{"@type":"ReadAction","target":["https:\/\/www.operalombardia.it\/en\/selection-of-a-directing-project-for-the-coproduction-of-turandot-by-g-puccini\/"]}]},{"@type":"ImageObject","inLanguage":"en-US","@id":"https:\/\/www.operalombardia.it\/en\/selection-of-a-directing-project-for-the-coproduction-of-turandot-by-g-puccini\/#primaryimage","url":"https:\/\/www.operalombardia.it\/wp-content\/uploads\/2025\/04\/team-vincitore-II-conocorso-opera-oggi.jpg","contentUrl":"https:\/\/www.operalombardia.it\/wp-content\/uploads\/2025\/04\/team-vincitore-II-conocorso-opera-oggi.jpg","width":1920,"height":1080},{"@type":"BreadcrumbList","@id":"https:\/\/www.operalombardia.it\/en\/selection-of-a-directing-project-for-the-coproduction-of-turandot-by-g-puccini\/#breadcrumb","itemListElement":[{"@type":"ListItem","position":1,"name":"Home","item":"https:\/\/www.operalombardia.it\/en\/"},{"@type":"ListItem","position":2,"name":"Selection of a directing project for the coproduction of Turandot by G. Puccini"}]},{"@type":"WebSite","@id":"https:\/\/www.operalombardia.it\/en\/#website","url":"https:\/\/www.operalombardia.it\/en\/","name":"OperaLombardia","description":"","publisher":{"@id":"https:\/\/www.operalombardia.it\/en\/#organization"},"potentialAction":[{"@type":"SearchAction","target":{"@type":"EntryPoint","urlTemplate":"https:\/\/www.operalombardia.it\/en\/?s={search_term_string}"},"query-input":{"@type":"PropertyValueSpecification","valueRequired":true,"valueName":"search_term_string"}}],"inLanguage":"en-US"},{"@type":"Organization","@id":"https:\/\/www.operalombardia.it\/en\/#organization","name":"OperaLombardia","url":"https:\/\/www.operalombardia.it\/en\/","logo":{"@type":"ImageObject","inLanguage":"en-US","@id":"https:\/\/www.operalombardia.it\/en\/#\/schema\/logo\/image\/","url":"https:\/\/www.operalombardia.it\/wp-content\/uploads\/2015\/04\/logo_OPERA_LOMBARDIA.png","contentUrl":"https:\/\/www.operalombardia.it\/wp-content\/uploads\/2015\/04\/logo_OPERA_LOMBARDIA.png","width":300,"height":199,"caption":"OperaLombardia"},"image":{"@id":"https:\/\/www.operalombardia.it\/en\/#\/schema\/logo\/image\/"},"sameAs":["https:\/\/www.facebook.com\/operalombardia","https:\/\/www.instagram.com\/operalombardia\/"]},{"@type":"Person","@id":"https:\/\/www.operalombardia.it\/en\/#\/schema\/person\/3be3bac41eaeaaae9419110c1d29e768","name":"Aslico","image":{"@type":"ImageObject","inLanguage":"en-US","@id":"https:\/\/www.operalombardia.it\/en\/#\/schema\/person\/image\/","url":"https:\/\/secure.gravatar.com\/avatar\/6e1b698c2480c506cd982dc8bfa663254d22ac7e8cde9a1ff3227db58a73105c?s=96&d=mm&r=g","contentUrl":"https:\/\/secure.gravatar.com\/avatar\/6e1b698c2480c506cd982dc8bfa663254d22ac7e8cde9a1ff3227db58a73105c?s=96&d=mm&r=g","caption":"Aslico"},"url":"https:\/\/www.operalombardia.it\/en\/author\/aslico\/"}]}},"_links":{"self":[{"href":"https:\/\/www.operalombardia.it\/en\/wp-json\/wp\/v2\/posts\/74000","targetHints":{"allow":["GET"]}}],"collection":[{"href":"https:\/\/www.operalombardia.it\/en\/wp-json\/wp\/v2\/posts"}],"about":[{"href":"https:\/\/www.operalombardia.it\/en\/wp-json\/wp\/v2\/types\/post"}],"author":[{"embeddable":true,"href":"https:\/\/www.operalombardia.it\/en\/wp-json\/wp\/v2\/users\/2"}],"replies":[{"embeddable":true,"href":"https:\/\/www.operalombardia.it\/en\/wp-json\/wp\/v2\/comments?post=74000"}],"version-history":[{"count":0,"href":"https:\/\/www.operalombardia.it\/en\/wp-json\/wp\/v2\/posts\/74000\/revisions"}],"wp:featuredmedia":[{"embeddable":true,"href":"https:\/\/www.operalombardia.it\/en\/wp-json\/wp\/v2\/media\/74574"}],"wp:attachment":[{"href":"https:\/\/www.operalombardia.it\/en\/wp-json\/wp\/v2\/media?parent=74000"}],"wp:term":[{"taxonomy":"category","embeddable":true,"href":"https:\/\/www.operalombardia.it\/en\/wp-json\/wp\/v2\/categories?post=74000"},{"taxonomy":"post_tag","embeddable":true,"href":"https:\/\/www.operalombardia.it\/en\/wp-json\/wp\/v2\/tags?post=74000"}],"curies":[{"name":"wp","href":"https:\/\/api.w.org\/{rel}","templated":true}]}}